{"id":427,"date":"2024-09-06T06:43:54","date_gmt":"2024-09-06T06:43:54","guid":{"rendered":"https:\/\/vtpa.fr\/?p=427"},"modified":"2024-09-06T06:43:54","modified_gmt":"2024-09-06T06:43:54","slug":"nous-y-serons-si-vous-ne-pouvez-pas-assister-a-cette-reunion-nhesitez-pas-a-nous-envoyer-vos-questions-velotafvtpa-fr","status":"publish","type":"post","link":"https:\/\/vtpa.fr\/?p=427","title":{"rendered":"Nous y serons, si vous ne pouvez pas assister \u00e0 cette r\u00e9union, n&rsquo;h\u00e9sitez pas \u00e0 nous envoyer vos questions velotaf@vtpa.fr"},"content":{"rendered":"<p><a href=\"https:\/\/www.facebook.com\/346203407529862\/posts\/919239066892957\">Read More<\/a><\/p>\n<p>Nous y serons, si vous ne pouvez pas assister \u00e0 cette r\u00e9union, n&rsquo;h\u00e9sitez pas \u00e0 nous envoyer vos questions velotaf@vtpa.fr<\/p>\n<p>\n#reunionpublique marcher et rouler en toute s\u00e9r\u00e9nit\u00e9 &#x1f6b4;&#x1f3ff;&#x200d;&#x2640;&#x1f6b6;&#x200d;&#x2640;&#xfe0f;<br \/>\nEn d\u00e9but d\u2019ann\u00e9e, vous avez \u00e9t\u00e9 nombreux \u00e0 participer au diagnostic pour la r\u00e9alisation du Sch\u00e9ma Directeur des Mobilit\u00e9s Actives de la ville d&rsquo;#ancenissaintgereon<br \/>\nMaintenant que les points noirs ont \u00e9t\u00e9 identifi\u00e9s, il est temps de d\u00e9finir et prioriser les actions \u00e0 mener.<br \/>\nLe LUNDI 9 SEPTEMBRE, vous \u00eates invit\u00e9\u00b7es \u00e0 prendre des d\u00e9cisions aux c\u00f4t\u00e9s des \u00e9lu\u00b7es : extension des zones bleues, d\u00e9finition des zones 20 et 30, etc.<br \/>\nDes ateliers, ouverts \u00e0 toutes et tous, seront propos\u00e9s pour prendre des d\u00e9cisions collectives et \u00e9clair\u00e9es.<br \/>\n&#x1f449; Rendez-vous lundi 9 septembre \u00e0 18h30<br \/>\n&#x1f4cd; Salle Loire, Espace Edouard Landrain<br \/>\n&#x1f449; Plus d&rsquo;informations : bit.ly\/4721qkV<\/p>\n<p>#ancenissaintgereon #mobilit\u00e9sactives #mobilitesdouces #d\u00e9placementsdurables #d\u00e9placementsdoux&#x1f6b2;&#x1f463;<\/p>\n<p><span>(Feed generated with <a href=\"https:\/\/fetchrss.com\/\">FetchRSS<\/a>)<\/span><\/p>","protected":false},"excerpt":{"rendered":"<p>Read More Nous y serons, si vous ne pouvez pas assister \u00e0 cette r\u00e9union, n&rsquo;h\u00e9sitez pas \u00e0 nous envoyer vos questions velotaf@vtpa.fr #reunionpublique marcher et rouler en toute s\u00e9r\u00e9nit\u00e9 &#x1f6b4;&#x1f3ff;&#x200d;&#x2640;&#x1f6b6;&#x200d;&#x2640;&#xfe0f;Lire la suite &rarr;<\/p>\n","protected":false},"author":0,"featured_media":0,"comment_status":"open","ping_status":"open","sticky":false,"template":"","format":"standard","meta":{"footnotes":""},"categories":[1],"tags":[],"class_list":["post-427","post","type-post","status-publish","format-standard","has-post-thumbnail","hentry","category-uncategorized","has-thumb"],"_links":{"self":[{"href":"https:\/\/vtpa.fr\/index.php?rest_route=\/wp\/v2\/posts\/427","targetHints":{"allow":["GET"]}}],"collection":[{"href":"https:\/\/vtpa.fr\/index.php?rest_route=\/wp\/v2\/posts"}],"about":[{"href":"https:\/\/vtpa.fr\/index.php?rest_route=\/wp\/v2\/types\/post"}],"replies":[{"embeddable":true,"href":"https:\/\/vtpa.fr\/index.php?rest_route=%2Fwp%2Fv2%2Fcomments&post=427"}],"version-history":[{"count":0,"href":"https:\/\/vtpa.fr\/index.php?rest_route=\/wp\/v2\/posts\/427\/revisions"}],"wp:attachment":[{"href":"https:\/\/vtpa.fr\/index.php?rest_route=%2Fwp%2Fv2%2Fmedia&parent=427"}],"wp:term":[{"taxonomy":"category","embeddable":true,"href":"https:\/\/vtpa.fr\/index.php?rest_route=%2Fwp%2Fv2%2Fcategories&post=427"},{"taxonomy":"post_tag","embeddable":true,"href":"https:\/\/vtpa.fr\/index.php?rest_route=%2Fwp%2Fv2%2Ftags&post=427"}],"curies":[{"name":"wp","href":"https:\/\/api.w.org\/{rel}","templated":true}]}}