{"id":437,"date":"2026-03-13T21:41:50","date_gmt":"2026-03-13T21:41:50","guid":{"rendered":"https:\/\/vtpa.fr\/?p=437"},"modified":"2026-03-13T21:41:50","modified_gmt":"2026-03-13T21:41:50","slug":"lors-de-nos-velocafes-de-debut-dannee-il-a-ete-souhaite-par-les-adherent-e-s-present-e-s-de-solliciter-les-candidat-e-s-aux-pr","status":"publish","type":"post","link":"https:\/\/vtpa.fr\/?p=437","title":{"rendered":"Lors de nos v\u00e9locaf\u00e9s de d\u00e9but d\u2019ann\u00e9e, il a \u00e9t\u00e9 souhait\u00e9 par les adh\u00e9rent-e-s pr\u00e9sent-e-s de solliciter les candidat-e-s aux pr&#8230;"},"content":{"rendered":"<p><a href=\"https:\/\/www.facebook.com\/346203407529862\/posts\/1346013277548865\">Read More<\/a><\/p>\n<p>Lors de nos v\u00e9locaf\u00e9s de d\u00e9but d\u2019ann\u00e9e, il a \u00e9t\u00e9 souhait\u00e9 par les adh\u00e9rent-e-s pr\u00e9sent-e-s de solliciter les candidat-e-s aux prochaines \u00e9lections municipales qui auront lieu ce dimanche 15 mars pour le premier tour. Un second tour aura potentiellement lieu le dimanche 22 mars.<\/p>\n<p>Nous vous avons pr\u00e9sent\u00e9 les r\u00e9ponses en avant-premi\u00e8re lors de notre v\u00e9locaf\u00e9 du 9 mars. <\/p>\n<p>Afin d\u2019informer celles et ceux qui n\u2019ont pu venir, vous trouverez en fin de message les courriers des candidat-e-s, pr\u00e9c\u00e9d\u00e9e d\u2019une courte analyse des r\u00e9ponses.<\/p>\n<p>Quel est notre but ? Comparer les engagements des candidat-e-s sur leur politique cyclable lors du mandat \u00e0 venir, en leur mettant \u00e0 disposition l\u2019analyse des r\u00e9sultats du barom\u00e8tre des villes cyclables FUB r\u00e9alis\u00e9 par VTPA, mais aussi en leur demandant leur analyse du SDMA (sch\u00e9ma directeur des mobilit\u00e9s actives), issus de travaux et d\u2019ateliers lors desquels l\u2019association VTPA a fait du lobbying et a r\u00e9ussi \u00e0 inclure la prise en compte de points noirs.<\/p>\n<p>En synth\u00e8se :<\/p>\n<p>&#8211; Pas de r\u00e9ponse de la liste \u00ab R\u00e9v\u00e9lons l\u2019\u00e9nergie d\u2019Ancenis St G\u00e9r\u00e9on \u00bb port\u00e9e par le duo Nathalie Poirier et Nicolas Raymond. Nous n\u2019aurons donc pas d\u2019engagement de leur part. Leur feuillet de propagande n\u2019\u00e9voque pas beaucoup le sujet des mobilit\u00e9s, mais plut\u00f4t du stationnement automobile. Pas de r\u00e9ponse \u00e0 notre demande et pas un mot sur la s\u00e9curisation des cyclistes dans leur programme : Il semble que cette liste soit la moins encline \u00e0 poursuivre les travaux de s\u00e9curisation des cyclistes.<\/p>\n<p>&#8211; Une r\u00e9ponse de la liste \u00ab un nouveau CAP pour Ancenis St G\u00e9r\u00e9on \u00bb port\u00e9e par le duo Fran\u00e7ois Danieau \u2013 Nora Pinet : le courrier ne contient aucun engagement, mais le souhait de retravailler le dossier (nouveau SDMA ?). Devra-t-on recommencer les r\u00e9unions de travail de ces derni\u00e8res ann\u00e9es ? Difficile d\u2019en \u00eatre s\u00fbr, car depuis cette r\u00e9ponse \u00e0 notre courrier, de nouveaux engagements de travaux sur le pont de Biais sont annonc\u00e9es, mais sans les d\u00e9tailler. C\u2019est probl\u00e9matique, car le pont de Biais est bien connu pour les contraintes d\u2019am\u00e9nagement de cet ouvrage d\u2019art. Et ne traiter que cet axe est r\u00e9ducteur, car il n\u2019est pas le seul point noir remont\u00e9 lors du barom\u00e8tre des villes cyclables de la FUB.<\/p>\n<p>&#8211;   Une r\u00e9ponse de la liste \u00ab Agir ensemble pour Ancenis St G\u00e9r\u00e9on \u00bb port\u00e9e par R\u00e9my Orhon : le courrier annonce un engagement \u00e0 r\u00e9aliser les actions list\u00e9es dans le SDMA, en listant les premi\u00e8res actions du mandat (giratoire des 13 pr\u00e9s, rue du Pressoir rouge, rue Cl\u00e9menceau). Concernant la COMPA, la navette de transport collectif est \u00e9voqu\u00e9e. <\/p>\n<p>N\u2019oublions pas que ces \u00e9lections vont aussi amener \u00e0 renouveler les \u00e9lu-e-s de la COMPA qui a la charge de zones tr\u00e8s probl\u00e9matiques : la plus embl\u00e9matique est la zone de l\u2019espace 23. Avoir des \u00e9lu-e-s pro mobilit\u00e9s douces et qui ne verront pas le sujet des mobilit\u00e9s douces comme une variable d\u2019ajustement nous impactera lors des 6 ann\u00e9es \u00e0 venir. N\u2019h\u00e9sitez pas \u00e0 les solliciter sur ce sujet !<\/p>\n<p>\nCi-dessous les r\u00e9ponses des candidat-e-s, par ordre de r\u00e9ception de la r\u00e9ponse : <\/p>\n<p>R\u00e9ponse de la liste \u00ab un nouveau CAP pour Ancenis St G\u00e9r\u00e9on \u00bb :<\/p>\n<p>Monsieur,<\/p>\n<p>Je vous remercie pour votre message, ainsi que pour le travail conduit par votre association en faveur des mobilit\u00e9s actives sur notre territoire. Ces enjeux, qui touchent \u00e0 la s\u00e9curit\u00e9, \u00e0 la qualit\u00e9 de vie, \u00e0 la sant\u00e9 publique et \u00e0 l\u2019attractivit\u00e9 locale, m\u00e9ritent en effet une attention s\u00e9rieuse et un dialogue constructif.<\/p>\n<p>Dans le contexte de la campagne pour les \u00e9lections municipale, et dans la perspective d\u2019un premier mandat pour notre \u00e9quipe, il me semble important d\u2019\u00eatre clair et responsable envers vous : \u00e0 ce stade, nous ne sommes pas en mesure de prendre des engagements formels, qu\u2019ils soient programmatiques, op\u00e9rationnels ou financiers. Les d\u00e9cisions structurantes, notamment celles impliquant des investissements publics ou des arbitrages budg\u00e9taires pluriannuels, rel\u00e8vent n\u00e9cessairement d\u2019un cadre collectif, qui ne pourra \u00eatre d\u00e9fini qu\u2019apr\u00e8s l\u2019\u00e9lection, en lien avec l\u2019ensemble du conseil municipal, les partenaires institutionnels et les acteurs concern\u00e9s.<\/p>\n<p>Notre d\u00e9marche repose sur une volont\u00e9 d\u2019\u00e9coute, de r\u00e9alisme et de construction dans la dur\u00e9e. Si les habitants d&rsquo;Ancenis-Saint-G\u00e9r\u00e9on nous accordent leur confiance, nous aurons \u00e0 c\u0153ur d\u2019instaurer un dialogue constructif avec votre association afin de rechercher ensemble les solutions les plus adapt\u00e9es et les plus efficaces pour notre territoire.<\/p>\n<p>Si nous sommes \u00e9lu(e)s, nous serons naturellement disponibles, le moment venu, pour \u00e9changer avec vous et poser les bases d\u2019une coop\u00e9ration constructive au service de l\u2019int\u00e9r\u00eat g\u00e9n\u00e9ral et de l\u2019avenir d\u2019Ancenis-Saint-G\u00e9r\u00e9on. Je vous remercie de votre compr\u00e9hension.<\/p>\n<p>Je vous prie d\u2019agr\u00e9er, Monsieur, l\u2019expression de mes salutations distingu\u00e9es.<\/p>\n<p>Fran\u00e7ois DANIEAU, candidat t\u00eate de liste<br \/>\nTeam ASG 2026 &#8211; Un nouveau CAP pour Ancenis-Saint-G\u00e9r\u00e9on<\/p>\n<p>R\u00e9ponse de la liste \u00ab Agir ensemble pour Ancenis St G\u00e9r\u00e9on \u00bb : <\/p>\n<p>Bonjour,<br \/>\nMerci pour ces interrogations qui mettent bien en avant les multiples enjeux associ\u00e9s aux mobilit\u00e9s, avec des impacts \u00e0 la fois locaux et globaux, individuels et collectifs.<br \/>\n\u00c9tant porteurs de l&rsquo;\u00e9laboration et de l&rsquo;adoption du sch\u00e9ma directeur des mobilit\u00e9s actives d&rsquo;Ancenis-Saint-G\u00e9r\u00e9on, nous serons pleinement engag\u00e9s dans sa mise en \u0153uvre: il s&rsquo;agissait pr\u00e9cis\u00e9ment, avec ce SDMA, de se doter d&rsquo;un outil de planification budg\u00e9taire afin de garantir une r\u00e9alisation pluriannuelle conforme aux objectifs d\u00e9finis. Comme pr\u00e9vu lors de l&rsquo;\u00e9laboration du document, un comit\u00e9 de pilotage annuel, ouvert aux associations comme \u00e0 d&rsquo;autres usagers ou acteurs institutionnels, permettra \u00e0 la fois de faire le point sur les actions r\u00e9alis\u00e9es et de planifier celles \u00e0 venir. C&rsquo;est aujourd&rsquo;hui une feuille de route pour les services et les \u00e9lus et cela doit le rester.<br \/>\nD\u00e8s le d\u00e9but du mandat, nos premi\u00e8res actions concernant la voirie et les mobilit\u00e9s visent \u00e0 am\u00e9nager le rond-point de l&rsquo;Espace 23 (rond-point \u00e0 la hollandaise), la rue du Pressoir Rouge, la rue Clemenceau: autant de points noirs situ\u00e9s sur des itin\u00e9raires prioritaires identifi\u00e9s dans le SDMA.<br \/>\nConcernant la COMPA, nous nous assurerons que le futur conseil vote les cr\u00e9dits pour l&rsquo;exp\u00e9rimentation d&rsquo;une navette de transport collectif, pr\u00e9alable indispensable pour une p\u00e9rennisation de ce service qui doit permettre plus d&rsquo;intermodalit\u00e9. Nos capacit\u00e9s d&rsquo;agir dans ce contexte communautaire ne d\u00e9pendant pas de la seule commune d&rsquo;Ancenis-Saint-G\u00e9r\u00e9on, nous serons engag\u00e9s, quelle que soit la composition du futur conseil, pour \u00e9tablir un v\u00e9ritable pacte de gouvernance de la COMPA qui inclue l&rsquo;expertise associative et citoyenne dans la construction des politiques publiques, comme nous souhaitons continuer \u00e0 le faire dans la commune.<br \/>\nDans cette perspective, nous savons que nous pouvons compter sur votre participation active, pr\u00e9cieuse pour ajuster les projets aux besoins des usagers.<\/p>\n<p>Bien \u00e0 vous,<br \/>\nR\u00e9my Orhon et l&rsquo;ensemble de la liste Agir Ensemble pour Ancenis-Saint-G\u00e9r\u00e9on<\/p>\n<p><span>(Feed generated with <a href=\"https:\/\/fetchrss.com\/feedLink?w=61390b724a5d803c926e0162\">FetchRSS<\/a>)<\/span><\/p>","protected":false},"excerpt":{"rendered":"<p>Read More Lors de nos v\u00e9locaf\u00e9s de d\u00e9but d\u2019ann\u00e9e, il a \u00e9t\u00e9 souhait\u00e9 par les adh\u00e9rent-e-s pr\u00e9sent-e-s de solliciter les candidat-e-s aux prochaines \u00e9lections municipales qui auront lieu ce dimancheLire la suite &rarr;<\/p>\n","protected":false},"author":0,"featured_media":0,"comment_status":"open","ping_status":"open","sticky":false,"template":"","format":"standard","meta":{"footnotes":""},"categories":[1],"tags":[],"class_list":["post-437","post","type-post","status-publish","format-standard","has-post-thumbnail","hentry","category-uncategorized","has-thumb"],"_links":{"self":[{"href":"https:\/\/vtpa.fr\/index.php?rest_route=\/wp\/v2\/posts\/437","targetHints":{"allow":["GET"]}}],"collection":[{"href":"https:\/\/vtpa.fr\/index.php?rest_route=\/wp\/v2\/posts"}],"about":[{"href":"https:\/\/vtpa.fr\/index.php?rest_route=\/wp\/v2\/types\/post"}],"replies":[{"embeddable":true,"href":"https:\/\/vtpa.fr\/index.php?rest_route=%2Fwp%2Fv2%2Fcomments&post=437"}],"version-history":[{"count":0,"href":"https:\/\/vtpa.fr\/index.php?rest_route=\/wp\/v2\/posts\/437\/revisions"}],"wp:attachment":[{"href":"https:\/\/vtpa.fr\/index.php?rest_route=%2Fwp%2Fv2%2Fmedia&parent=437"}],"wp:term":[{"taxonomy":"category","embeddable":true,"href":"https:\/\/vtpa.fr\/index.php?rest_route=%2Fwp%2Fv2%2Fcategories&post=437"},{"taxonomy":"post_tag","embeddable":true,"href":"https:\/\/vtpa.fr\/index.php?rest_route=%2Fwp%2Fv2%2Ftags&post=437"}],"curies":[{"name":"wp","href":"https:\/\/api.w.org\/{rel}","templated":true}]}}